{"id":12690,"date":"2026-09-01T04:57:26","date_gmt":"2026-09-01T03:57:26","guid":{"rendered":"http:\/\/www.laurent-bayart.fr\/?p=12690"},"modified":"2026-09-01T04:57:26","modified_gmt":"2026-09-01T03:57:26","slug":"la-boite-a-livres-ou-livresse-des-feuillets-en-exterieur-jour","status":"publish","type":"post","link":"http:\/\/www.laurent-bayart.fr\/?p=12690","title":{"rendered":"LA BOITE A LIVRES OU L\u2019IVRESSE DES FEUILLETS EN EXTERIEUR\/JOUR."},"content":{"rendered":"<div class=\"wp-block-image is-style-rounded\">\n<figure class=\"aligncenter size-large\"><a href=\"http:\/\/www.laurent-bayart.fr\/wp-content\/uploads\/2026\/09\/ED9909C5-50BB-47BB-AFFA-F1523E44F442.jpg\"><img loading=\"lazy\" decoding=\"async\" width=\"768\" height=\"1024\" src=\"http:\/\/www.laurent-bayart.fr\/wp-content\/uploads\/2026\/09\/ED9909C5-50BB-47BB-AFFA-F1523E44F442-768x1024.jpg\" alt=\"\" class=\"wp-image-12691\" srcset=\"http:\/\/www.laurent-bayart.fr\/wp-content\/uploads\/2026\/09\/ED9909C5-50BB-47BB-AFFA-F1523E44F442-768x1024.jpg 768w, http:\/\/www.laurent-bayart.fr\/wp-content\/uploads\/2026\/09\/ED9909C5-50BB-47BB-AFFA-F1523E44F442-225x300.jpg 225w, http:\/\/www.laurent-bayart.fr\/wp-content\/uploads\/2026\/09\/ED9909C5-50BB-47BB-AFFA-F1523E44F442-1152x1536.jpg 1152w, http:\/\/www.laurent-bayart.fr\/wp-content\/uploads\/2026\/09\/ED9909C5-50BB-47BB-AFFA-F1523E44F442.jpg 1536w\" sizes=\"auto, (max-width: 768px) 100vw, 768px\" \/><\/a><\/figure>\n<\/div>\n\n\n<p class=\"wp-block-paragraph\">                                                                                                ( photo, boite \u00e0 livres \u00e0 Berlin)\u00a0\u00a0\u00a0\u00a0\u00a0\u00a0\u00a0\u00a0\u00a0\u00a0\u00a0\u00a0\u00a0\u00a0\u00a0\u00a0\u00a0\u00a0\u00a0\u00a0<\/p>\n\n\n\n<p class=\"wp-block-paragraph\">\u00a0Les livres se mettent en boites et viennent habiller nos villes et nos campagnes avec leurs casiers en mode bibliobus immobiles\u2026Lumineuse id\u00e9e de leur offrir ainsi une petite maison et autre cabane afin d\u2019y d\u00e9poser leurs romans, histoires et mots qui font chanter notre imaginaire.\u00a0<\/p>\n\n\n\n<p class=\"wp-block-paragraph\">Ces boites \u00e0 livres, armoires \u00e0 l\u2019ivre(sse) pour nous donner rendez-vous avec la litt\u00e9rature hors les lieux et autres habitacles d\u00e9di\u00e9s aux bouquins.<\/p>\n\n\n\n<p class=\"wp-block-paragraph\">Ainsi, chacun peut y grappiller \u00e0 volont\u00e9 dans la libert\u00e9 des d\u00e9couvertes et des rencontres fortuites.<\/p>\n\n\n\n<p class=\"wp-block-paragraph\">Ici, pas ou peu de biblioth\u00e9caires mais des amoureux et curieux au fil des feuillets.<\/p>\n\n\n\n<p class=\"wp-block-paragraph\">Ces lieux constituent des marque-pages en qu\u00eate d\u2019une pose dans cette course effr\u00e9n\u00e9e que sont devenues nos vies.<\/p>\n\n\n\n<p class=\"wp-block-paragraph\">La boite \u00e0 livre est une succursale et autre raccourcie fantaisiste en po\u00e9sie originale de biblioth\u00e8que&nbsp;!<\/p>\n\n\n\n<p class=\"wp-block-paragraph\">\u00a0\u00a0\u00a0\u00a0\u00a0\u00a0\u00a0\u00a0\u00a0\u00a0\u00a0\u00a0\u00a0\u00a0\u00a0\u00a0\u00a0\u00a0\u00a0\u00a0\u00a0\u00a0\u00a0\u00a0\u00a0\u00a0\u00a0\u00a0\u00a0\u00a0\u00a0\u00a0\u00a0\u00a0\u00a0\u00a0\u00a0\u00a0\u00a0\u00a0\u00a0\u00a0\u00a0\u00a0\u00a0\u00a0\u00a0\u00a0                                                           <strong>\u00a9\u00a0<\/strong>Laurent BAYART<\/p>\n\n\n\n<p class=\"wp-block-paragraph\">\u00a0\u00a0\u00a0\u00a0\u00a0\u00a0\u00a0\u00a0\u00a0\u00a0\u00a0\u00a0\u00a0\u00a0\u00a0\u00a0\u00a0\u00a0\u00a0\u00a0\u00a0\u00a0\u00a0\u00a0\u00a0\u00a0\u00a0\u00a0\u00a0\u00a0\u00a0\u00a0\u00a0\u00a0\u00a0\u00a0\u00a0\u00a0\u00a0\u00a0\u00a0\u00a0\u00a0\u00a0\u00a0\u00a0\u00a0\u00a0\u00a0\u00a0                                                          1<sup>er<\/sup>\u00a0septembre 2026<\/p>\n","protected":false},"excerpt":{"rendered":"<p>( photo, boite \u00e0 livres \u00e0 Berlin)\u00a0\u00a0\u00a0\u00a0\u00a0\u00a0\u00a0\u00a0\u00a0\u00a0\u00a0\u00a0\u00a0\u00a0\u00a0\u00a0\u00a0\u00a0\u00a0\u00a0 \u00a0Les livres se mettent en boites et viennent habiller nos villes et nos campagnes avec leurs casiers en mode bibliobus immobiles\u2026Lumineuse id\u00e9e de leur offrir ainsi une petite maison et autre cabane afin d\u2019y d\u00e9poser leurs romans, histoires et mots qui font chanter notre imaginaire.\u00a0 Ces boites \u00e0 &hellip; <a href=\"http:\/\/www.laurent-bayart.fr\/?p=12690\" class=\"more-link\">Continuer la lecture de <span class=\"screen-reader-text\">LA BOITE A LIVRES OU L\u2019IVRESSE DES FEUILLETS EN EXTERIEUR\/JOUR.<\/span>  <span class=\"meta-nav\">&rarr;<\/span><\/a><\/p>\n","protected":false},"author":1,"featured_media":0,"comment_status":"open","ping_status":"open","sticky":false,"template":"","format":"standard","meta":{"_jetpack_newsletter_access":"","_jetpack_dont_email_post_to_subs":false,"_jetpack_newsletter_tier_id":0,"_jetpack_memberships_contains_paywalled_content":false,"_jetpack_feature_clip_id":0,"_jetpack_memberships_contains_paid_content":false,"footnotes":"","jetpack_publicize_message":"","jetpack_publicize_feature_enabled":true,"jetpack_social_post_already_shared":true,"jetpack_social_options":{"image_generator_settings":{"template":"highway","default_image_id":0,"font":"","enabled":false},"version":2},"jetpack_post_was_ever_published":false},"categories":[6],"tags":[],"class_list":["post-12690","post","type-post","status-publish","format-standard","hentry","category-blog-notes"],"jetpack_publicize_connections":[],"jetpack_sharing_enabled":true,"jetpack_shortlink":"https:\/\/wp.me\/p4doc5-3iG","jetpack_likes_enabled":true,"jetpack_featured_media_url":"","_links":{"self":[{"href":"http:\/\/www.laurent-bayart.fr\/index.php?rest_route=\/wp\/v2\/posts\/12690","targetHints":{"allow":["GET"]}}],"collection":[{"href":"http:\/\/www.laurent-bayart.fr\/index.php?rest_route=\/wp\/v2\/posts"}],"about":[{"href":"http:\/\/www.laurent-bayart.fr\/index.php?rest_route=\/wp\/v2\/types\/post"}],"author":[{"embeddable":true,"href":"http:\/\/www.laurent-bayart.fr\/index.php?rest_route=\/wp\/v2\/users\/1"}],"replies":[{"embeddable":true,"href":"http:\/\/www.laurent-bayart.fr\/index.php?rest_route=%2Fwp%2Fv2%2Fcomments&post=12690"}],"version-history":[{"count":2,"href":"http:\/\/www.laurent-bayart.fr\/index.php?rest_route=\/wp\/v2\/posts\/12690\/revisions"}],"predecessor-version":[{"id":12693,"href":"http:\/\/www.laurent-bayart.fr\/index.php?rest_route=\/wp\/v2\/posts\/12690\/revisions\/12693"}],"wp:attachment":[{"href":"http:\/\/www.laurent-bayart.fr\/index.php?rest_route=%2Fwp%2Fv2%2Fmedia&parent=12690"}],"wp:term":[{"taxonomy":"category","embeddable":true,"href":"http:\/\/www.laurent-bayart.fr\/index.php?rest_route=%2Fwp%2Fv2%2Fcategories&post=12690"},{"taxonomy":"post_tag","embeddable":true,"href":"http:\/\/www.laurent-bayart.fr\/index.php?rest_route=%2Fwp%2Fv2%2Ftags&post=12690"}],"curies":[{"name":"wp","href":"https:\/\/api.w.org\/{rel}","templated":true}]}}